{"id":2167,"date":"2024-03-11T13:28:46","date_gmt":"2024-03-11T12:28:46","guid":{"rendered":"http:\/\/konzerte.pensiongrenzland.de\/?p=2167"},"modified":"2024-04-15T15:27:43","modified_gmt":"2024-04-15T13:27:43","slug":"bad-brambacher-buergerpreis-wir-sagen-nochmals-herzlich-vielen-dank","status":"publish","type":"post","link":"http:\/\/konzerte.pensiongrenzland.de\/?p=2167","title":{"rendered":"Bad Brambacher B\u00fcrgerpreis &#8211; wir sagen nochmals herzlich vielen Dank!"},"content":{"rendered":"<p>Im Vorfeld unserer ersten 2024er-Show mit Three For Silver fand die feierliche \u00dcbergabe des B\u00fcrgerpreises statt &#8211; wir danken nochmals herzlich f\u00fcr diese gro\u00dfe Ehrung!<\/p>\n<p>Hier der Pressebericht zur Preisvergabe aus der Online-Version der Tageszeitung \u201eFreie Presse\u201c vom 11.03.2023:<\/p>\n<p><a href=\"http:\/\/konzerte.pensiongrenzland.de\/wp-content\/uploads\/2024\/03\/Screenshot-11.png\"><img loading=\"lazy\" decoding=\"async\" class=\"alignnone size-medium wp-image-2168\" src=\"http:\/\/konzerte.pensiongrenzland.de\/wp-content\/uploads\/2024\/03\/Screenshot-11-252x300.png\" alt=\"\" width=\"252\" height=\"300\" srcset=\"http:\/\/konzerte.pensiongrenzland.de\/wp-content\/uploads\/2024\/03\/Screenshot-11-252x300.png 252w, http:\/\/konzerte.pensiongrenzland.de\/wp-content\/uploads\/2024\/03\/Screenshot-11-300x357.png 300w, http:\/\/konzerte.pensiongrenzland.de\/wp-content\/uploads\/2024\/03\/Screenshot-11-720x858.png 720w, http:\/\/konzerte.pensiongrenzland.de\/wp-content\/uploads\/2024\/03\/Screenshot-11.png 738w\" sizes=\"auto, (max-width: 252px) 100vw, 252px\" \/><\/a><\/p>\n<p><a href=\"http:\/\/konzerte.pensiongrenzland.de\/wp-content\/uploads\/2024\/03\/Screenshot-12.png\"><img loading=\"lazy\" decoding=\"async\" class=\"alignnone size-medium wp-image-2169\" src=\"http:\/\/konzerte.pensiongrenzland.de\/wp-content\/uploads\/2024\/03\/Screenshot-12-300x274.png\" alt=\"\" width=\"300\" height=\"274\" srcset=\"http:\/\/konzerte.pensiongrenzland.de\/wp-content\/uploads\/2024\/03\/Screenshot-12-300x274.png 300w, http:\/\/konzerte.pensiongrenzland.de\/wp-content\/uploads\/2024\/03\/Screenshot-12-768x700.png 768w, http:\/\/konzerte.pensiongrenzland.de\/wp-content\/uploads\/2024\/03\/Screenshot-12-720x657.png 720w, http:\/\/konzerte.pensiongrenzland.de\/wp-content\/uploads\/2024\/03\/Screenshot-12.png 773w\" sizes=\"auto, (max-width: 300px) 100vw, 300px\" \/><\/a><\/p>\n<p><a href=\"http:\/\/konzerte.pensiongrenzland.de\/wp-content\/uploads\/2024\/03\/Screenshot-13.png\"><img loading=\"lazy\" decoding=\"async\" class=\"alignnone size-medium wp-image-2170\" src=\"http:\/\/konzerte.pensiongrenzland.de\/wp-content\/uploads\/2024\/03\/Screenshot-13-300x244.png\" alt=\"\" width=\"300\" height=\"244\" srcset=\"http:\/\/konzerte.pensiongrenzland.de\/wp-content\/uploads\/2024\/03\/Screenshot-13-300x244.png 300w, http:\/\/konzerte.pensiongrenzland.de\/wp-content\/uploads\/2024\/03\/Screenshot-13-768x624.png 768w, http:\/\/konzerte.pensiongrenzland.de\/wp-content\/uploads\/2024\/03\/Screenshot-13-720x585.png 720w, http:\/\/konzerte.pensiongrenzland.de\/wp-content\/uploads\/2024\/03\/Screenshot-13.png 797w\" sizes=\"auto, (max-width: 300px) 100vw, 300px\" \/><\/a><\/p>\n<p><a href=\"http:\/\/konzerte.pensiongrenzland.de\/wp-content\/uploads\/2024\/03\/Screenshot-14.png\"><img loading=\"lazy\" decoding=\"async\" class=\"alignnone size-medium wp-image-2171\" src=\"http:\/\/konzerte.pensiongrenzland.de\/wp-content\/uploads\/2024\/03\/Screenshot-14-300x225.png\" alt=\"\" width=\"300\" height=\"225\" srcset=\"http:\/\/konzerte.pensiongrenzland.de\/wp-content\/uploads\/2024\/03\/Screenshot-14-300x225.png 300w, http:\/\/konzerte.pensiongrenzland.de\/wp-content\/uploads\/2024\/03\/Screenshot-14-720x539.png 720w, http:\/\/konzerte.pensiongrenzland.de\/wp-content\/uploads\/2024\/03\/Screenshot-14.png 740w\" sizes=\"auto, (max-width: 300px) 100vw, 300px\" \/><\/a><\/p>\n<p>Und hier der Bericht aus dem &#8222;Bad Brambacher Anzeiger&#8220; 03\/2024:<\/p>\n<p><a href=\"http:\/\/konzerte.pensiongrenzland.de\/wp-content\/uploads\/2024\/03\/Brambacher-Anzeiger-03-2024.png\"><img loading=\"lazy\" decoding=\"async\" class=\"alignnone size-medium wp-image-2223\" src=\"http:\/\/konzerte.pensiongrenzland.de\/wp-content\/uploads\/2024\/03\/Brambacher-Anzeiger-03-2024-210x300.png\" alt=\"\" width=\"210\" height=\"300\" srcset=\"http:\/\/konzerte.pensiongrenzland.de\/wp-content\/uploads\/2024\/03\/Brambacher-Anzeiger-03-2024-210x300.png 210w, http:\/\/konzerte.pensiongrenzland.de\/wp-content\/uploads\/2024\/03\/Brambacher-Anzeiger-03-2024-300x428.png 300w, http:\/\/konzerte.pensiongrenzland.de\/wp-content\/uploads\/2024\/03\/Brambacher-Anzeiger-03-2024.png 555w\" sizes=\"auto, (max-width: 210px) 100vw, 210px\" \/><\/a><\/p>","protected":false},"excerpt":{"rendered":"<p>Im Vorfeld unserer ersten 2024er-Show mit Three For Silver fand die feierliche \u00dcbergabe des B\u00fcrgerpreises statt &#8211; wir danken nochmals herzlich f\u00fcr diese gro\u00dfe Ehrung! Hier der Pressebericht zur Preisvergabe aus der Online-Version der Tageszeitung \u201eFreie Presse\u201c vom 11.03.2023: Und hier der Bericht aus dem &#8222;Bad Brambacher Anzeiger&#8220; 03\/2024:<\/p>\n","protected":false},"author":6,"featured_media":2168,"comment_status":"open","ping_status":"open","sticky":false,"template":"","format":"standard","meta":{"footnotes":""},"categories":[3],"tags":[],"class_list":["post-2167","post","type-post","status-publish","format-standard","has-post-thumbnail","hentry","category-news"],"_links":{"self":[{"href":"http:\/\/konzerte.pensiongrenzland.de\/index.php?rest_route=\/wp\/v2\/posts\/2167","targetHints":{"allow":["GET"]}}],"collection":[{"href":"http:\/\/konzerte.pensiongrenzland.de\/index.php?rest_route=\/wp\/v2\/posts"}],"about":[{"href":"http:\/\/konzerte.pensiongrenzland.de\/index.php?rest_route=\/wp\/v2\/types\/post"}],"author":[{"embeddable":true,"href":"http:\/\/konzerte.pensiongrenzland.de\/index.php?rest_route=\/wp\/v2\/users\/6"}],"replies":[{"embeddable":true,"href":"http:\/\/konzerte.pensiongrenzland.de\/index.php?rest_route=%2Fwp%2Fv2%2Fcomments&post=2167"}],"version-history":[{"count":3,"href":"http:\/\/konzerte.pensiongrenzland.de\/index.php?rest_route=\/wp\/v2\/posts\/2167\/revisions"}],"predecessor-version":[{"id":2225,"href":"http:\/\/konzerte.pensiongrenzland.de\/index.php?rest_route=\/wp\/v2\/posts\/2167\/revisions\/2225"}],"wp:featuredmedia":[{"embeddable":true,"href":"http:\/\/konzerte.pensiongrenzland.de\/index.php?rest_route=\/wp\/v2\/media\/2168"}],"wp:attachment":[{"href":"http:\/\/konzerte.pensiongrenzland.de\/index.php?rest_route=%2Fwp%2Fv2%2Fmedia&parent=2167"}],"wp:term":[{"taxonomy":"category","embeddable":true,"href":"http:\/\/konzerte.pensiongrenzland.de\/index.php?rest_route=%2Fwp%2Fv2%2Fcategories&post=2167"},{"taxonomy":"post_tag","embeddable":true,"href":"http:\/\/konzerte.pensiongrenzland.de\/index.php?rest_route=%2Fwp%2Fv2%2Ftags&post=2167"}],"curies":[{"name":"wp","href":"https:\/\/api.w.org\/{rel}","templated":true}]}}