{"id":2303,"date":"2024-05-31T13:21:45","date_gmt":"2024-05-31T11:21:45","guid":{"rendered":"http:\/\/konzerte.pensiongrenzland.de\/?p=2303"},"modified":"2024-06-05T09:26:07","modified_gmt":"2024-06-05T07:26:07","slug":"achtung-terminverschiebung-philip-boelter-band","status":"publish","type":"post","link":"http:\/\/konzerte.pensiongrenzland.de\/?p=2303","title":{"rendered":"ACHTUNG &#8211; TERMINVERSCHIEBUNG PHILIP B\u00d6LTER BAND!!!"},"content":{"rendered":"<p><\/p>\n<h1><a href=\"http:\/\/konzerte.pensiongrenzland.de\/wp-content\/uploads\/2023\/11\/TERMINABSAGE.jpg\"><img loading=\"lazy\" decoding=\"async\" class=\"alignnone size-medium wp-image-2299\" src=\"http:\/\/konzerte.pensiongrenzland.de\/wp-content\/uploads\/2023\/11\/TERMINABSAGE-300x200.jpg\" alt=\"\" width=\"300\" height=\"200\" srcset=\"http:\/\/konzerte.pensiongrenzland.de\/wp-content\/uploads\/2023\/11\/TERMINABSAGE-300x200.jpg 300w, http:\/\/konzerte.pensiongrenzland.de\/wp-content\/uploads\/2023\/11\/TERMINABSAGE-768x512.jpg 768w, http:\/\/konzerte.pensiongrenzland.de\/wp-content\/uploads\/2023\/11\/TERMINABSAGE-720x480.jpg 720w, http:\/\/konzerte.pensiongrenzland.de\/wp-content\/uploads\/2023\/11\/TERMINABSAGE.jpg 1024w\" sizes=\"auto, (max-width: 300px) 100vw, 300px\" \/><\/a><\/h1>\n<h1><strong>Liebe Live-Music-Freunde,<\/strong><br \/>\n<strong>aufgrund der aktuellen Lage (amtliche Unwetterwarnung und daraus resultierende zahlreiche Absagen von G\u00e4sten und etwaige Anreiseschwierigkeiten der K\u00fcnstler und der G\u00e4ste) haben wir uns gemeinsam mit Philip B\u00f6lter schweren Herzens dazu entschlossen, das f\u00fcr Sonntag, 02.06.2024, geplante Konzert mit Philip B\u00f6lter &amp; Band zu verschieben.<\/strong><br \/>\n<strong>Wir werden Euch sofort informieren, sobald ein neuer Termin feststeht.<\/strong><br \/>\n<strong>Gekaufte Tickets k\u00f6nnt Ihr Euch jederzeit r\u00fcckerstatten lassen oder in Gutscheine oder andere Tickets eintauschen.<\/strong><\/h1>\n<h1><strong>Vielen Dank f\u00fcr Euer Verst\u00e4ndnis.<\/strong><\/h1>\n<p><\/p>","protected":false},"excerpt":{"rendered":"<p>Liebe Live-Music-Freunde, aufgrund der aktuellen Lage (amtliche Unwetterwarnung und daraus resultierende zahlreiche Absagen von G\u00e4sten und etwaige Anreiseschwierigkeiten der K\u00fcnstler und der G\u00e4ste) haben wir uns gemeinsam mit Philip B\u00f6lter schweren Herzens dazu entschlossen, das f\u00fcr Sonntag, 02.06.2024, geplante Konzert mit Philip B\u00f6lter &amp; Band zu verschieben. Wir werden Euch sofort informieren, sobald ein neuer [&hellip;]<\/p>\n","protected":false},"author":6,"featured_media":2299,"comment_status":"open","ping_status":"open","sticky":false,"template":"","format":"standard","meta":{"footnotes":""},"categories":[15],"tags":[],"class_list":["post-2303","post","type-post","status-publish","format-standard","has-post-thumbnail","hentry","category-historie"],"_links":{"self":[{"href":"http:\/\/konzerte.pensiongrenzland.de\/index.php?rest_route=\/wp\/v2\/posts\/2303","targetHints":{"allow":["GET"]}}],"collection":[{"href":"http:\/\/konzerte.pensiongrenzland.de\/index.php?rest_route=\/wp\/v2\/posts"}],"about":[{"href":"http:\/\/konzerte.pensiongrenzland.de\/index.php?rest_route=\/wp\/v2\/types\/post"}],"author":[{"embeddable":true,"href":"http:\/\/konzerte.pensiongrenzland.de\/index.php?rest_route=\/wp\/v2\/users\/6"}],"replies":[{"embeddable":true,"href":"http:\/\/konzerte.pensiongrenzland.de\/index.php?rest_route=%2Fwp%2Fv2%2Fcomments&post=2303"}],"version-history":[{"count":2,"href":"http:\/\/konzerte.pensiongrenzland.de\/index.php?rest_route=\/wp\/v2\/posts\/2303\/revisions"}],"predecessor-version":[{"id":2305,"href":"http:\/\/konzerte.pensiongrenzland.de\/index.php?rest_route=\/wp\/v2\/posts\/2303\/revisions\/2305"}],"wp:featuredmedia":[{"embeddable":true,"href":"http:\/\/konzerte.pensiongrenzland.de\/index.php?rest_route=\/wp\/v2\/media\/2299"}],"wp:attachment":[{"href":"http:\/\/konzerte.pensiongrenzland.de\/index.php?rest_route=%2Fwp%2Fv2%2Fmedia&parent=2303"}],"wp:term":[{"taxonomy":"category","embeddable":true,"href":"http:\/\/konzerte.pensiongrenzland.de\/index.php?rest_route=%2Fwp%2Fv2%2Fcategories&post=2303"},{"taxonomy":"post_tag","embeddable":true,"href":"http:\/\/konzerte.pensiongrenzland.de\/index.php?rest_route=%2Fwp%2Fv2%2Ftags&post=2303"}],"curies":[{"name":"wp","href":"https:\/\/api.w.org\/{rel}","templated":true}]}}