{"id":2560,"date":"2025-05-06T09:43:07","date_gmt":"2025-05-06T07:43:07","guid":{"rendered":"http:\/\/konzerte.pensiongrenzland.de\/?p=2560"},"modified":"2025-05-06T09:48:56","modified_gmt":"2025-05-06T07:48:56","slug":"the-comancheros-lassen-es-krachen","status":"publish","type":"post","link":"http:\/\/konzerte.pensiongrenzland.de\/?p=2560","title":{"rendered":"The Comancheros lassen es krachen!"},"content":{"rendered":"<p><a href=\"http:\/\/konzerte.pensiongrenzland.de\/wp-content\/uploads\/2025\/05\/20250503_200721-scaled.jpg\"><img loading=\"lazy\" decoding=\"async\" class=\"alignnone size-medium wp-image-2561\" src=\"http:\/\/konzerte.pensiongrenzland.de\/wp-content\/uploads\/2025\/05\/20250503_200721-300x139.jpg\" alt=\"\" width=\"300\" height=\"139\" srcset=\"http:\/\/konzerte.pensiongrenzland.de\/wp-content\/uploads\/2025\/05\/20250503_200721-300x139.jpg 300w, http:\/\/konzerte.pensiongrenzland.de\/wp-content\/uploads\/2025\/05\/20250503_200721-1024x473.jpg 1024w, http:\/\/konzerte.pensiongrenzland.de\/wp-content\/uploads\/2025\/05\/20250503_200721-768x355.jpg 768w, http:\/\/konzerte.pensiongrenzland.de\/wp-content\/uploads\/2025\/05\/20250503_200721-1536x710.jpg 1536w, http:\/\/konzerte.pensiongrenzland.de\/wp-content\/uploads\/2025\/05\/20250503_200721-2048x946.jpg 2048w, http:\/\/konzerte.pensiongrenzland.de\/wp-content\/uploads\/2025\/05\/20250503_200721-720x333.jpg 720w\" sizes=\"auto, (max-width: 300px) 100vw, 300px\" \/><\/a><\/p>\n<p style=\"text-align: justify;\"><span style=\"font-family: 'Arial',sans-serif;\">Eins vornweg: Dem Gewitter, dass an diesem denkw\u00fcrdigen Maisamstag w\u00e4hrend des Konzerts der Comancheros \u00fcber Bad Brambach zog gelang es nicht, sich akustisch gegen die grandios aufspielenden S\u00fcstaatenrocker durchzusetzen!<\/span><\/p>\n<p style=\"text-align: justify;\"><span style=\"font-family: 'Arial',sans-serif;\">Aber beginnen wir am Anfang: Eine proppenvolle ausverkaufte Location lie\u00df schon vor Konzertbeginn erkennen, dass sich der hervorragende Ruf der Band aus Missouri im Vogtland, im Egerland und dar\u00fcber hinaus herumgesprochen hat. So waren nicht nur viele G\u00e4ste, die schon den fulminanten Auftritt im Vorjahr erlebt hatten, angereist, auch zahlreiche Besucherinnen und Besucher, die offenbar von diesem Vorjahresevent neugierig gemacht wurden, hatten den Weg nach Bad Brambach gefunden \u2013 und alle wurden an diesem Abend f\u00fcr diese Entscheidung belohnt.<\/span><\/p>\n<p style=\"text-align: justify;\"><span style=\"font-family: 'Arial',sans-serif;\">Die drei Musiker Tanner Jones (g, voc), R. Michael Cook (dr) und Jon Green (bg, voc) enterten die B\u00fchne und gaben sofort Vollgas. Heavy &amp; Western &#8211; melodi\u00f6ser, schn\u00f6rkelloser Southern Rock, gro\u00dfartiger Gesang, phantastische Gitarrensoli, tolle Showeinlagen \u2013 hier blieb kein Wunsch, den man an ein Rockkonzert stellt, unerf\u00fcllt. Eine bemerkenswerte Entwicklung soll nicht unerw\u00e4hnt bleiben, denn neben dem Gesang des Bandleaders Tanner war diesmal auch Bassist Jon \u00f6fter am Mikrofon. Und da diese beiden Musiker \u00fcber sehr unterschiedliche Stimmen verf\u00fcgen, boten sich den Zuh\u00f6rerinnen und Zuh\u00f6ren wirklich tolle musikalische Kontraste. Ein Entwicklungsschritt, zu der man der Band nur gratulieren kann.<\/span><\/p>\n<p style=\"text-align: justify;\"><span style=\"font-family: 'Arial',sans-serif;\">Die zwei Sets der Band beinhalteten im wesentlichen Eigenkompositionen aus dem gesamten bisherigen Schaffen der Band inklusive \u201eTime Machine\u201c, \u201eWhite Trash Throne\u201c und \u201eCaffeine, Nicotine And Weed\u201c. Jon \u00fcberraschte das Publikum aber auch mit einem bemerkenswerten Cover des Tennessee Ernie Ford-Klassikers \u201e16 Tons\u201c. Thin Lizzy wurde nicht nur dadurch gehuldigt, dass Drummer Michael ein T-Shirt dieser irischen Band trug, sondern auch der \u201eCowboy Song\u201c kam zu Geh\u00f6r. Und last not least und passend zum Mot\u00f6rhead-T-Shirt von Tanner flog die \u201eSilver Machine\u201c von Hawkwind lautstark und akustisch general\u00fcberholt durch den Brambacher Nachthimmel.<\/span><\/p>\n<p style=\"text-align: justify;\"><span style=\"font-family: 'Arial',sans-serif;\">Es war wirklich schwer, an diesem Abend etwas auszusetzen zu haben \u2013 au\u00dfer vielleicht der Tatsache, dass das Konzert irgendwann leider zu Ende war. An diesem Abend l\u00e4chelten alle: das begeisterte Publikum, die sympathischen Musiker und die sehr zufriedene Konzertcrew.<b><\/b><\/span><\/p>\n<p>sbr<\/p>\n<p><a href=\"http:\/\/konzerte.pensiongrenzland.de\/wp-content\/uploads\/2025\/05\/20250503_200456-scaled.jpg\"><img loading=\"lazy\" decoding=\"async\" class=\"alignnone size-medium wp-image-2562\" src=\"http:\/\/konzerte.pensiongrenzland.de\/wp-content\/uploads\/2025\/05\/20250503_200456-139x300.jpg\" alt=\"\" width=\"139\" height=\"300\" srcset=\"http:\/\/konzerte.pensiongrenzland.de\/wp-content\/uploads\/2025\/05\/20250503_200456-139x300.jpg 139w, http:\/\/konzerte.pensiongrenzland.de\/wp-content\/uploads\/2025\/05\/20250503_200456-473x1024.jpg 473w, http:\/\/konzerte.pensiongrenzland.de\/wp-content\/uploads\/2025\/05\/20250503_200456-768x1662.jpg 768w, http:\/\/konzerte.pensiongrenzland.de\/wp-content\/uploads\/2025\/05\/20250503_200456-710x1536.jpg 710w, http:\/\/konzerte.pensiongrenzland.de\/wp-content\/uploads\/2025\/05\/20250503_200456-946x2048.jpg 946w, http:\/\/konzerte.pensiongrenzland.de\/wp-content\/uploads\/2025\/05\/20250503_200456-300x649.jpg 300w, http:\/\/konzerte.pensiongrenzland.de\/wp-content\/uploads\/2025\/05\/20250503_200456-720x1558.jpg 720w, http:\/\/konzerte.pensiongrenzland.de\/wp-content\/uploads\/2025\/05\/20250503_200456-scaled.jpg 1183w\" sizes=\"auto, (max-width: 139px) 100vw, 139px\" \/><\/a> <a href=\"http:\/\/konzerte.pensiongrenzland.de\/wp-content\/uploads\/2025\/05\/20250503_214123-scaled.jpg\"><img loading=\"lazy\" decoding=\"async\" class=\"alignnone size-medium wp-image-2563\" src=\"http:\/\/konzerte.pensiongrenzland.de\/wp-content\/uploads\/2025\/05\/20250503_214123-139x300.jpg\" alt=\"\" width=\"139\" height=\"300\" srcset=\"http:\/\/konzerte.pensiongrenzland.de\/wp-content\/uploads\/2025\/05\/20250503_214123-139x300.jpg 139w, http:\/\/konzerte.pensiongrenzland.de\/wp-content\/uploads\/2025\/05\/20250503_214123-473x1024.jpg 473w, http:\/\/konzerte.pensiongrenzland.de\/wp-content\/uploads\/2025\/05\/20250503_214123-768x1662.jpg 768w, http:\/\/konzerte.pensiongrenzland.de\/wp-content\/uploads\/2025\/05\/20250503_214123-710x1536.jpg 710w, http:\/\/konzerte.pensiongrenzland.de\/wp-content\/uploads\/2025\/05\/20250503_214123-946x2048.jpg 946w, http:\/\/konzerte.pensiongrenzland.de\/wp-content\/uploads\/2025\/05\/20250503_214123-300x649.jpg 300w, http:\/\/konzerte.pensiongrenzland.de\/wp-content\/uploads\/2025\/05\/20250503_214123-720x1558.jpg 720w, http:\/\/konzerte.pensiongrenzland.de\/wp-content\/uploads\/2025\/05\/20250503_214123-scaled.jpg 1183w\" sizes=\"auto, (max-width: 139px) 100vw, 139px\" \/><\/a> <a href=\"http:\/\/konzerte.pensiongrenzland.de\/wp-content\/uploads\/2025\/05\/20250503_214117-scaled.jpg\"><img loading=\"lazy\" decoding=\"async\" class=\"alignnone size-medium wp-image-2564\" src=\"http:\/\/konzerte.pensiongrenzland.de\/wp-content\/uploads\/2025\/05\/20250503_214117-139x300.jpg\" alt=\"\" width=\"139\" height=\"300\" srcset=\"http:\/\/konzerte.pensiongrenzland.de\/wp-content\/uploads\/2025\/05\/20250503_214117-139x300.jpg 139w, http:\/\/konzerte.pensiongrenzland.de\/wp-content\/uploads\/2025\/05\/20250503_214117-473x1024.jpg 473w, http:\/\/konzerte.pensiongrenzland.de\/wp-content\/uploads\/2025\/05\/20250503_214117-768x1662.jpg 768w, http:\/\/konzerte.pensiongrenzland.de\/wp-content\/uploads\/2025\/05\/20250503_214117-710x1536.jpg 710w, http:\/\/konzerte.pensiongrenzland.de\/wp-content\/uploads\/2025\/05\/20250503_214117-946x2048.jpg 946w, http:\/\/konzerte.pensiongrenzland.de\/wp-content\/uploads\/2025\/05\/20250503_214117-300x649.jpg 300w, http:\/\/konzerte.pensiongrenzland.de\/wp-content\/uploads\/2025\/05\/20250503_214117-720x1558.jpg 720w, http:\/\/konzerte.pensiongrenzland.de\/wp-content\/uploads\/2025\/05\/20250503_214117-scaled.jpg 1183w\" sizes=\"auto, (max-width: 139px) 100vw, 139px\" \/><\/a> <a href=\"http:\/\/konzerte.pensiongrenzland.de\/wp-content\/uploads\/2025\/05\/20250503_203259-scaled.jpg\"><img loading=\"lazy\" decoding=\"async\" class=\"alignnone size-medium wp-image-2565\" src=\"http:\/\/konzerte.pensiongrenzland.de\/wp-content\/uploads\/2025\/05\/20250503_203259-139x300.jpg\" alt=\"\" width=\"139\" height=\"300\" srcset=\"http:\/\/konzerte.pensiongrenzland.de\/wp-content\/uploads\/2025\/05\/20250503_203259-139x300.jpg 139w, http:\/\/konzerte.pensiongrenzland.de\/wp-content\/uploads\/2025\/05\/20250503_203259-473x1024.jpg 473w, http:\/\/konzerte.pensiongrenzland.de\/wp-content\/uploads\/2025\/05\/20250503_203259-768x1662.jpg 768w, http:\/\/konzerte.pensiongrenzland.de\/wp-content\/uploads\/2025\/05\/20250503_203259-710x1536.jpg 710w, http:\/\/konzerte.pensiongrenzland.de\/wp-content\/uploads\/2025\/05\/20250503_203259-946x2048.jpg 946w, http:\/\/konzerte.pensiongrenzland.de\/wp-content\/uploads\/2025\/05\/20250503_203259-300x649.jpg 300w, http:\/\/konzerte.pensiongrenzland.de\/wp-content\/uploads\/2025\/05\/20250503_203259-720x1558.jpg 720w, http:\/\/konzerte.pensiongrenzland.de\/wp-content\/uploads\/2025\/05\/20250503_203259-scaled.jpg 1183w\" sizes=\"auto, (max-width: 139px) 100vw, 139px\" \/><\/a> <a href=\"http:\/\/konzerte.pensiongrenzland.de\/wp-content\/uploads\/2025\/05\/20250503_203919-scaled.jpg\"><img loading=\"lazy\" decoding=\"async\" class=\"alignnone size-medium wp-image-2566\" src=\"http:\/\/konzerte.pensiongrenzland.de\/wp-content\/uploads\/2025\/05\/20250503_203919-139x300.jpg\" alt=\"\" width=\"139\" height=\"300\" srcset=\"http:\/\/konzerte.pensiongrenzland.de\/wp-content\/uploads\/2025\/05\/20250503_203919-139x300.jpg 139w, http:\/\/konzerte.pensiongrenzland.de\/wp-content\/uploads\/2025\/05\/20250503_203919-473x1024.jpg 473w, http:\/\/konzerte.pensiongrenzland.de\/wp-content\/uploads\/2025\/05\/20250503_203919-768x1662.jpg 768w, http:\/\/konzerte.pensiongrenzland.de\/wp-content\/uploads\/2025\/05\/20250503_203919-710x1536.jpg 710w, http:\/\/konzerte.pensiongrenzland.de\/wp-content\/uploads\/2025\/05\/20250503_203919-946x2048.jpg 946w, http:\/\/konzerte.pensiongrenzland.de\/wp-content\/uploads\/2025\/05\/20250503_203919-300x649.jpg 300w, http:\/\/konzerte.pensiongrenzland.de\/wp-content\/uploads\/2025\/05\/20250503_203919-720x1558.jpg 720w, http:\/\/konzerte.pensiongrenzland.de\/wp-content\/uploads\/2025\/05\/20250503_203919-scaled.jpg 1183w\" sizes=\"auto, (max-width: 139px) 100vw, 139px\" \/><\/a> <a href=\"http:\/\/konzerte.pensiongrenzland.de\/wp-content\/uploads\/2025\/05\/20250503_211345-scaled.jpg\"><img loading=\"lazy\" decoding=\"async\" class=\"alignnone size-medium wp-image-2567\" src=\"http:\/\/konzerte.pensiongrenzland.de\/wp-content\/uploads\/2025\/05\/20250503_211345-139x300.jpg\" alt=\"\" width=\"139\" height=\"300\" srcset=\"http:\/\/konzerte.pensiongrenzland.de\/wp-content\/uploads\/2025\/05\/20250503_211345-139x300.jpg 139w, http:\/\/konzerte.pensiongrenzland.de\/wp-content\/uploads\/2025\/05\/20250503_211345-473x1024.jpg 473w, http:\/\/konzerte.pensiongrenzland.de\/wp-content\/uploads\/2025\/05\/20250503_211345-768x1662.jpg 768w, http:\/\/konzerte.pensiongrenzland.de\/wp-content\/uploads\/2025\/05\/20250503_211345-710x1536.jpg 710w, http:\/\/konzerte.pensiongrenzland.de\/wp-content\/uploads\/2025\/05\/20250503_211345-946x2048.jpg 946w, http:\/\/konzerte.pensiongrenzland.de\/wp-content\/uploads\/2025\/05\/20250503_211345-300x649.jpg 300w, http:\/\/konzerte.pensiongrenzland.de\/wp-content\/uploads\/2025\/05\/20250503_211345-720x1558.jpg 720w, http:\/\/konzerte.pensiongrenzland.de\/wp-content\/uploads\/2025\/05\/20250503_211345-scaled.jpg 1183w\" sizes=\"auto, (max-width: 139px) 100vw, 139px\" \/><\/a> <a href=\"http:\/\/konzerte.pensiongrenzland.de\/wp-content\/uploads\/2025\/05\/20250503_221101-scaled.jpg\"><img loading=\"lazy\" decoding=\"async\" class=\"alignnone size-medium wp-image-2568\" src=\"http:\/\/konzerte.pensiongrenzland.de\/wp-content\/uploads\/2025\/05\/20250503_221101-139x300.jpg\" alt=\"\" width=\"139\" height=\"300\" srcset=\"http:\/\/konzerte.pensiongrenzland.de\/wp-content\/uploads\/2025\/05\/20250503_221101-139x300.jpg 139w, http:\/\/konzerte.pensiongrenzland.de\/wp-content\/uploads\/2025\/05\/20250503_221101-473x1024.jpg 473w, http:\/\/konzerte.pensiongrenzland.de\/wp-content\/uploads\/2025\/05\/20250503_221101-768x1662.jpg 768w, http:\/\/konzerte.pensiongrenzland.de\/wp-content\/uploads\/2025\/05\/20250503_221101-710x1536.jpg 710w, http:\/\/konzerte.pensiongrenzland.de\/wp-content\/uploads\/2025\/05\/20250503_221101-946x2048.jpg 946w, http:\/\/konzerte.pensiongrenzland.de\/wp-content\/uploads\/2025\/05\/20250503_221101-300x649.jpg 300w, http:\/\/konzerte.pensiongrenzland.de\/wp-content\/uploads\/2025\/05\/20250503_221101-720x1558.jpg 720w, http:\/\/konzerte.pensiongrenzland.de\/wp-content\/uploads\/2025\/05\/20250503_221101-scaled.jpg 1183w\" sizes=\"auto, (max-width: 139px) 100vw, 139px\" \/><\/a> <a href=\"http:\/\/konzerte.pensiongrenzland.de\/wp-content\/uploads\/2025\/05\/20250503_210936-scaled.jpg\"><img loading=\"lazy\" decoding=\"async\" class=\"alignnone size-medium wp-image-2569\" src=\"http:\/\/konzerte.pensiongrenzland.de\/wp-content\/uploads\/2025\/05\/20250503_210936-139x300.jpg\" alt=\"\" width=\"139\" height=\"300\" srcset=\"http:\/\/konzerte.pensiongrenzland.de\/wp-content\/uploads\/2025\/05\/20250503_210936-139x300.jpg 139w, http:\/\/konzerte.pensiongrenzland.de\/wp-content\/uploads\/2025\/05\/20250503_210936-473x1024.jpg 473w, http:\/\/konzerte.pensiongrenzland.de\/wp-content\/uploads\/2025\/05\/20250503_210936-768x1662.jpg 768w, http:\/\/konzerte.pensiongrenzland.de\/wp-content\/uploads\/2025\/05\/20250503_210936-710x1536.jpg 710w, http:\/\/konzerte.pensiongrenzland.de\/wp-content\/uploads\/2025\/05\/20250503_210936-946x2048.jpg 946w, http:\/\/konzerte.pensiongrenzland.de\/wp-content\/uploads\/2025\/05\/20250503_210936-300x649.jpg 300w, http:\/\/konzerte.pensiongrenzland.de\/wp-content\/uploads\/2025\/05\/20250503_210936-720x1558.jpg 720w, http:\/\/konzerte.pensiongrenzland.de\/wp-content\/uploads\/2025\/05\/20250503_210936-scaled.jpg 1183w\" sizes=\"auto, (max-width: 139px) 100vw, 139px\" \/><\/a> <a href=\"http:\/\/konzerte.pensiongrenzland.de\/wp-content\/uploads\/2025\/05\/20250503_213605-scaled.jpg\"><img loading=\"lazy\" decoding=\"async\" class=\"alignnone size-medium wp-image-2570\" src=\"http:\/\/konzerte.pensiongrenzland.de\/wp-content\/uploads\/2025\/05\/20250503_213605-139x300.jpg\" alt=\"\" width=\"139\" height=\"300\" srcset=\"http:\/\/konzerte.pensiongrenzland.de\/wp-content\/uploads\/2025\/05\/20250503_213605-139x300.jpg 139w, http:\/\/konzerte.pensiongrenzland.de\/wp-content\/uploads\/2025\/05\/20250503_213605-473x1024.jpg 473w, http:\/\/konzerte.pensiongrenzland.de\/wp-content\/uploads\/2025\/05\/20250503_213605-768x1662.jpg 768w, http:\/\/konzerte.pensiongrenzland.de\/wp-content\/uploads\/2025\/05\/20250503_213605-710x1536.jpg 710w, http:\/\/konzerte.pensiongrenzland.de\/wp-content\/uploads\/2025\/05\/20250503_213605-946x2048.jpg 946w, http:\/\/konzerte.pensiongrenzland.de\/wp-content\/uploads\/2025\/05\/20250503_213605-300x649.jpg 300w, http:\/\/konzerte.pensiongrenzland.de\/wp-content\/uploads\/2025\/05\/20250503_213605-720x1558.jpg 720w, http:\/\/konzerte.pensiongrenzland.de\/wp-content\/uploads\/2025\/05\/20250503_213605-scaled.jpg 1183w\" sizes=\"auto, (max-width: 139px) 100vw, 139px\" \/><\/a> <a href=\"http:\/\/konzerte.pensiongrenzland.de\/wp-content\/uploads\/2025\/05\/20250503_203300-scaled.jpg\"><img loading=\"lazy\" decoding=\"async\" class=\"alignnone size-medium wp-image-2571\" src=\"http:\/\/konzerte.pensiongrenzland.de\/wp-content\/uploads\/2025\/05\/20250503_203300-139x300.jpg\" alt=\"\" width=\"139\" height=\"300\" srcset=\"http:\/\/konzerte.pensiongrenzland.de\/wp-content\/uploads\/2025\/05\/20250503_203300-139x300.jpg 139w, http:\/\/konzerte.pensiongrenzland.de\/wp-content\/uploads\/2025\/05\/20250503_203300-473x1024.jpg 473w, http:\/\/konzerte.pensiongrenzland.de\/wp-content\/uploads\/2025\/05\/20250503_203300-768x1662.jpg 768w, http:\/\/konzerte.pensiongrenzland.de\/wp-content\/uploads\/2025\/05\/20250503_203300-710x1536.jpg 710w, http:\/\/konzerte.pensiongrenzland.de\/wp-content\/uploads\/2025\/05\/20250503_203300-946x2048.jpg 946w, http:\/\/konzerte.pensiongrenzland.de\/wp-content\/uploads\/2025\/05\/20250503_203300-300x649.jpg 300w, http:\/\/konzerte.pensiongrenzland.de\/wp-content\/uploads\/2025\/05\/20250503_203300-720x1558.jpg 720w, http:\/\/konzerte.pensiongrenzland.de\/wp-content\/uploads\/2025\/05\/20250503_203300-scaled.jpg 1183w\" sizes=\"auto, (max-width: 139px) 100vw, 139px\" \/><\/a> <a href=\"http:\/\/konzerte.pensiongrenzland.de\/wp-content\/uploads\/2025\/05\/20250503_211221-scaled.jpg\"><img loading=\"lazy\" decoding=\"async\" class=\"alignnone size-medium wp-image-2572\" src=\"http:\/\/konzerte.pensiongrenzland.de\/wp-content\/uploads\/2025\/05\/20250503_211221-139x300.jpg\" alt=\"\" width=\"139\" height=\"300\" srcset=\"http:\/\/konzerte.pensiongrenzland.de\/wp-content\/uploads\/2025\/05\/20250503_211221-139x300.jpg 139w, http:\/\/konzerte.pensiongrenzland.de\/wp-content\/uploads\/2025\/05\/20250503_211221-473x1024.jpg 473w, http:\/\/konzerte.pensiongrenzland.de\/wp-content\/uploads\/2025\/05\/20250503_211221-768x1662.jpg 768w, http:\/\/konzerte.pensiongrenzland.de\/wp-content\/uploads\/2025\/05\/20250503_211221-710x1536.jpg 710w, http:\/\/konzerte.pensiongrenzland.de\/wp-content\/uploads\/2025\/05\/20250503_211221-946x2048.jpg 946w, http:\/\/konzerte.pensiongrenzland.de\/wp-content\/uploads\/2025\/05\/20250503_211221-300x649.jpg 300w, http:\/\/konzerte.pensiongrenzland.de\/wp-content\/uploads\/2025\/05\/20250503_211221-720x1558.jpg 720w, http:\/\/konzerte.pensiongrenzland.de\/wp-content\/uploads\/2025\/05\/20250503_211221-scaled.jpg 1183w\" sizes=\"auto, (max-width: 139px) 100vw, 139px\" \/><\/a> <a href=\"http:\/\/konzerte.pensiongrenzland.de\/wp-content\/uploads\/2025\/05\/20250503_221806-scaled.jpg\"><img loading=\"lazy\" decoding=\"async\" class=\"alignnone size-medium wp-image-2573\" src=\"http:\/\/konzerte.pensiongrenzland.de\/wp-content\/uploads\/2025\/05\/20250503_221806-139x300.jpg\" alt=\"\" width=\"139\" height=\"300\" srcset=\"http:\/\/konzerte.pensiongrenzland.de\/wp-content\/uploads\/2025\/05\/20250503_221806-139x300.jpg 139w, http:\/\/konzerte.pensiongrenzland.de\/wp-content\/uploads\/2025\/05\/20250503_221806-473x1024.jpg 473w, http:\/\/konzerte.pensiongrenzland.de\/wp-content\/uploads\/2025\/05\/20250503_221806-768x1662.jpg 768w, http:\/\/konzerte.pensiongrenzland.de\/wp-content\/uploads\/2025\/05\/20250503_221806-710x1536.jpg 710w, http:\/\/konzerte.pensiongrenzland.de\/wp-content\/uploads\/2025\/05\/20250503_221806-946x2048.jpg 946w, http:\/\/konzerte.pensiongrenzland.de\/wp-content\/uploads\/2025\/05\/20250503_221806-300x649.jpg 300w, http:\/\/konzerte.pensiongrenzland.de\/wp-content\/uploads\/2025\/05\/20250503_221806-720x1558.jpg 720w, http:\/\/konzerte.pensiongrenzland.de\/wp-content\/uploads\/2025\/05\/20250503_221806-scaled.jpg 1183w\" sizes=\"auto, (max-width: 139px) 100vw, 139px\" \/><\/a><\/p>","protected":false},"excerpt":{"rendered":"<p>Eins vornweg: Dem Gewitter, dass an diesem denkw\u00fcrdigen Maisamstag w\u00e4hrend des Konzerts der Comancheros \u00fcber Bad Brambach zog gelang es nicht, sich akustisch gegen die grandios aufspielenden S\u00fcstaatenrocker durchzusetzen! Aber beginnen wir am Anfang: Eine proppenvolle ausverkaufte Location lie\u00df schon vor Konzertbeginn erkennen, dass sich der hervorragende Ruf der Band aus Missouri im Vogtland, im [&hellip;]<\/p>\n","protected":false},"author":6,"featured_media":2561,"comment_status":"open","ping_status":"open","sticky":false,"template":"","format":"standard","meta":{"footnotes":""},"categories":[3],"tags":[150,151,149,148],"class_list":["post-2560","post","type-post","status-publish","format-standard","has-post-thumbnail","hentry","category-news","tag-heavy-western","tag-southern-rock","tag-suedstaatenrock","tag-the-comancheros"],"_links":{"self":[{"href":"http:\/\/konzerte.pensiongrenzland.de\/index.php?rest_route=\/wp\/v2\/posts\/2560","targetHints":{"allow":["GET"]}}],"collection":[{"href":"http:\/\/konzerte.pensiongrenzland.de\/index.php?rest_route=\/wp\/v2\/posts"}],"about":[{"href":"http:\/\/konzerte.pensiongrenzland.de\/index.php?rest_route=\/wp\/v2\/types\/post"}],"author":[{"embeddable":true,"href":"http:\/\/konzerte.pensiongrenzland.de\/index.php?rest_route=\/wp\/v2\/users\/6"}],"replies":[{"embeddable":true,"href":"http:\/\/konzerte.pensiongrenzland.de\/index.php?rest_route=%2Fwp%2Fv2%2Fcomments&post=2560"}],"version-history":[{"count":2,"href":"http:\/\/konzerte.pensiongrenzland.de\/index.php?rest_route=\/wp\/v2\/posts\/2560\/revisions"}],"predecessor-version":[{"id":2575,"href":"http:\/\/konzerte.pensiongrenzland.de\/index.php?rest_route=\/wp\/v2\/posts\/2560\/revisions\/2575"}],"wp:featuredmedia":[{"embeddable":true,"href":"http:\/\/konzerte.pensiongrenzland.de\/index.php?rest_route=\/wp\/v2\/media\/2561"}],"wp:attachment":[{"href":"http:\/\/konzerte.pensiongrenzland.de\/index.php?rest_route=%2Fwp%2Fv2%2Fmedia&parent=2560"}],"wp:term":[{"taxonomy":"category","embeddable":true,"href":"http:\/\/konzerte.pensiongrenzland.de\/index.php?rest_route=%2Fwp%2Fv2%2Fcategories&post=2560"},{"taxonomy":"post_tag","embeddable":true,"href":"http:\/\/konzerte.pensiongrenzland.de\/index.php?rest_route=%2Fwp%2Fv2%2Ftags&post=2560"}],"curies":[{"name":"wp","href":"https:\/\/api.w.org\/{rel}","templated":true}]}}