{"id":964,"date":"2017-04-25T13:56:43","date_gmt":"2017-04-25T11:56:43","guid":{"rendered":"http:\/\/konzerte.pensiongrenzland.de\/?p=964"},"modified":"2018-05-18T17:43:13","modified_gmt":"2018-05-18T15:43:13","slug":"melanie-dekker-trio-ein-kanadischer-abend-mit-suchtpotenzial","status":"publish","type":"post","link":"http:\/\/konzerte.pensiongrenzland.de\/?p=964","title":{"rendered":"Melanie Dekker Trio \u2013 ein \u201eKanadischer Abend\u201c mit Suchtpotenzial !"},"content":{"rendered":"<p><a href=\"http:\/\/konzerte.pensiongrenzland.de\/wp-content\/uploads\/2017\/01\/53.jpg\"><img loading=\"lazy\" decoding=\"async\" class=\"alignnone size-medium wp-image-860\" src=\"http:\/\/konzerte.pensiongrenzland.de\/wp-content\/uploads\/2017\/01\/53-300x241.jpg\" alt=\"\" width=\"300\" height=\"241\" srcset=\"http:\/\/konzerte.pensiongrenzland.de\/wp-content\/uploads\/2017\/01\/53-300x241.jpg 300w, http:\/\/konzerte.pensiongrenzland.de\/wp-content\/uploads\/2017\/01\/53-720x578.jpg 720w, http:\/\/konzerte.pensiongrenzland.de\/wp-content\/uploads\/2017\/01\/53.jpg 747w\" sizes=\"auto, (max-width: 300px) 100vw, 300px\" \/><\/a><\/p>\n<p>Es war ein richtiger Premierenabend: Die ersten K\u00fcnstler aus Kanada auf unserer Clubb\u00fchne, das erste Mal Blumenschmuck (!!!) auf der B\u00fchne, die neue Beschallungsanlage erlebte ihre \u201eFeuertaufe\u201c \u2013 und mit Melanie Dekker (voc, g, bj) und Ihrer Begleitband Vicky Sjohall (voc, g) und Elliot Polsky (dr) waren das erste Mal in unserer Geschichte mehr weibliche als m\u00e4nnliche Akteure on stage!<\/p>\n<p>Die zahlreich erschienenen G\u00e4ste erlebten vom ersten Song an ein vor Spiel- und Lebensfreude strotzendes Programm \u2013 die gute Laune der Musiker \u00fcbertrug sich in Windeseile auf den Saal. Melanie liebt die Kommunikation mit ihrem Publikum und genoss sp\u00fcrbar die Clubatmosph\u00e4re und die kundige Zuh\u00f6rerschaft. Auch f\u00fcr die leiseren Songs, die an diesem Abend erklangen, war das Publikum sehr offen und lauschte konzentriert der Band. Aber auch sehr lauter Jubel fand an dem Abend statt, insbesondere bei einem spontanen \u201eGastauftritt\u201c eines jungen Musikers aus der Region: Steve dufte Melanie und die Band auf der Bluesharp begleiten und tat das mit Bravour!<\/p>\n<p>Die Songauswahl an diesem Abend umfasste neben den Liedern aus dem doch schon sehr umfangreichen Schaffen von Melanie Dekker auch eine sehr gelungene Interpretation des Stones-Klassikers \u201eRuby Tuesday\u201c. Im Zugabenteil kamen die G\u00e4ste zudem in den Genuss eines Solotitels von Vicky Sjohall, die an diesem Abend zwar eher f\u00fcr die backing vocals zust\u00e4ndig war, selbst aber auch als Singer\/Songwriterin erfolgreich unterwegs ist.<\/p>\n<p>Zwei Stunden tolle Musik, wunderbare Musiker und ein gl\u00fcckliches Publikum \u2013 Herz, was willst Du mehr!<\/p>\n<p>Ein herzliches Dankesch\u00f6n an Melanie, Vicky &amp; Elliot!<\/p>\n<p>sbr<\/p>\n<p>&nbsp;<\/p>\n<p><a href=\"http:\/\/konzerte.pensiongrenzland.de\/wp-content\/uploads\/2017\/04\/IMG_20170420_221654.jpg\"><img loading=\"lazy\" decoding=\"async\" class=\"size-medium wp-image-972\" src=\"http:\/\/konzerte.pensiongrenzland.de\/wp-content\/uploads\/2017\/04\/IMG_20170420_221654-300x225.jpg\" alt=\"cof\" width=\"300\" height=\"225\" srcset=\"http:\/\/konzerte.pensiongrenzland.de\/wp-content\/uploads\/2017\/04\/IMG_20170420_221654-300x225.jpg 300w, http:\/\/konzerte.pensiongrenzland.de\/wp-content\/uploads\/2017\/04\/IMG_20170420_221654-768x576.jpg 768w, http:\/\/konzerte.pensiongrenzland.de\/wp-content\/uploads\/2017\/04\/IMG_20170420_221654-1024x768.jpg 1024w, http:\/\/konzerte.pensiongrenzland.de\/wp-content\/uploads\/2017\/04\/IMG_20170420_221654-720x540.jpg 720w\" sizes=\"auto, (max-width: 300px) 100vw, 300px\" \/><\/a><\/p>\n<p><a href=\"http:\/\/konzerte.pensiongrenzland.de\/wp-content\/uploads\/2017\/01\/unspecified.jpg\"><img loading=\"lazy\" decoding=\"async\" class=\"alignnone size-medium wp-image-858\" src=\"http:\/\/konzerte.pensiongrenzland.de\/wp-content\/uploads\/2017\/01\/unspecified-239x300.jpg\" alt=\"\" width=\"239\" height=\"300\" srcset=\"http:\/\/konzerte.pensiongrenzland.de\/wp-content\/uploads\/2017\/01\/unspecified-239x300.jpg 239w, http:\/\/konzerte.pensiongrenzland.de\/wp-content\/uploads\/2017\/01\/unspecified-300x376.jpg 300w, http:\/\/konzerte.pensiongrenzland.de\/wp-content\/uploads\/2017\/01\/unspecified.jpg 600w\" sizes=\"auto, (max-width: 239px) 100vw, 239px\" \/><\/a><\/p>\n<p>&nbsp;<\/p>","protected":false},"excerpt":{"rendered":"<p>Es war ein richtiger Premierenabend: Die ersten K\u00fcnstler aus Kanada auf unserer Clubb\u00fchne, das erste Mal Blumenschmuck (!!!) auf der B\u00fchne, die neue Beschallungsanlage erlebte ihre \u201eFeuertaufe\u201c \u2013 und mit Melanie Dekker (voc, g, bj) und Ihrer Begleitband Vicky Sjohall (voc, g) und Elliot Polsky (dr) waren das erste Mal in unserer Geschichte mehr weibliche [&hellip;]<\/p>\n","protected":false},"author":2,"featured_media":858,"comment_status":"open","ping_status":"open","sticky":false,"template":"","format":"standard","meta":{"footnotes":""},"categories":[3],"tags":[46,121,116,68,69],"class_list":["post-964","post","type-post","status-publish","format-standard","has-post-thumbnail","hentry","category-news","tag-folk","tag-melanie-dekker","tag-pop","tag-singer","tag-songwriter"],"_links":{"self":[{"href":"http:\/\/konzerte.pensiongrenzland.de\/index.php?rest_route=\/wp\/v2\/posts\/964","targetHints":{"allow":["GET"]}}],"collection":[{"href":"http:\/\/konzerte.pensiongrenzland.de\/index.php?rest_route=\/wp\/v2\/posts"}],"about":[{"href":"http:\/\/konzerte.pensiongrenzland.de\/index.php?rest_route=\/wp\/v2\/types\/post"}],"author":[{"embeddable":true,"href":"http:\/\/konzerte.pensiongrenzland.de\/index.php?rest_route=\/wp\/v2\/users\/2"}],"replies":[{"embeddable":true,"href":"http:\/\/konzerte.pensiongrenzland.de\/index.php?rest_route=%2Fwp%2Fv2%2Fcomments&post=964"}],"version-history":[{"count":9,"href":"http:\/\/konzerte.pensiongrenzland.de\/index.php?rest_route=\/wp\/v2\/posts\/964\/revisions"}],"predecessor-version":[{"id":1149,"href":"http:\/\/konzerte.pensiongrenzland.de\/index.php?rest_route=\/wp\/v2\/posts\/964\/revisions\/1149"}],"wp:featuredmedia":[{"embeddable":true,"href":"http:\/\/konzerte.pensiongrenzland.de\/index.php?rest_route=\/wp\/v2\/media\/858"}],"wp:attachment":[{"href":"http:\/\/konzerte.pensiongrenzland.de\/index.php?rest_route=%2Fwp%2Fv2%2Fmedia&parent=964"}],"wp:term":[{"taxonomy":"category","embeddable":true,"href":"http:\/\/konzerte.pensiongrenzland.de\/index.php?rest_route=%2Fwp%2Fv2%2Fcategories&post=964"},{"taxonomy":"post_tag","embeddable":true,"href":"http:\/\/konzerte.pensiongrenzland.de\/index.php?rest_route=%2Fwp%2Fv2%2Ftags&post=964"}],"curies":[{"name":"wp","href":"https:\/\/api.w.org\/{rel}","templated":true}]}}