{"id":2006,"date":"2023-06-12T14:40:24","date_gmt":"2023-06-12T12:40:24","guid":{"rendered":"http:\/\/konzerte.pensiongrenzland.de\/?p=2006"},"modified":"2023-11-21T14:50:19","modified_gmt":"2023-11-21T13:50:19","slug":"17-11-2023-markus-rill-the-troublemakers-d","status":"publish","type":"post","link":"https:\/\/konzerte.pensiongrenzland.de\/?p=2006","title":{"rendered":"17.11.2023 Markus Rill &#038; The Troublemakers (D)"},"content":{"rendered":"<p><a href=\"http:\/\/konzerte.pensiongrenzland.de\/wp-content\/uploads\/2023\/06\/MarkusRill-Promopic.jpg\"><img loading=\"lazy\" decoding=\"async\" class=\"alignnone size-medium wp-image-2009\" src=\"http:\/\/konzerte.pensiongrenzland.de\/wp-content\/uploads\/2023\/06\/MarkusRill-Promopic-300x200.jpg\" alt=\"\" width=\"300\" height=\"200\" srcset=\"https:\/\/konzerte.pensiongrenzland.de\/wp-content\/uploads\/2023\/06\/MarkusRill-Promopic-300x200.jpg 300w, https:\/\/konzerte.pensiongrenzland.de\/wp-content\/uploads\/2023\/06\/MarkusRill-Promopic-1024x683.jpg 1024w, https:\/\/konzerte.pensiongrenzland.de\/wp-content\/uploads\/2023\/06\/MarkusRill-Promopic-768x512.jpg 768w, https:\/\/konzerte.pensiongrenzland.de\/wp-content\/uploads\/2023\/06\/MarkusRill-Promopic-1536x1024.jpg 1536w, https:\/\/konzerte.pensiongrenzland.de\/wp-content\/uploads\/2023\/06\/MarkusRill-Promopic-720x480.jpg 720w, https:\/\/konzerte.pensiongrenzland.de\/wp-content\/uploads\/2023\/06\/MarkusRill-Promopic.jpg 1600w\" sizes=\"auto, (max-width: 300px) 100vw, 300px\" \/><\/a><\/p>\n<p>Rock&#8217;n&#8217;roll-folk-country-Americana songwriter Markus Rill &amp; Band<\/p>\n<p>Endlich werden sie mal wieder unsere B\u00fchne rocken: Markus Rill &amp; The Troublemakers geben sich am 17.11.2023 die Ehre.<\/p>\n<p>Die Frankfurter Allgemeine Sonntagszeitung schrieb: \u201eDer Mann kann Lieder schreiben wie nicht viele andere. Er kann mit einigen wenigen Gitarrenakkorden und wohlgesetzten Worten Geschichten erz\u00e4hlen, die wie Short Stories wirken. Und er kann diese Geschichten mit einem markanten Organ zum Klingen bringen, mit sch\u00f6n angeschmirgelten Stimmb\u00e4ndern, die an viel zu lange N\u00e4chte in verrauchten Musikkneipen denken lassen.\u201c<\/p>\n<p>Dem ist nichts hinzuzuf\u00fcgen &#8230;<\/p>\n<p>Tickets ab sofort reservierbar unter 037438 &#8211; 20473<\/p>\n<p class=\"flex-video\"><iframe loading=\"lazy\" title=\"Desperate Ride - Markus Rill &amp; The Troublemakers\" width=\"600\" height=\"338\" src=\"https:\/\/www.youtube.com\/embed\/11XZr7d14A8?feature=oembed\" frameborder=\"0\" allow=\"accelerometer; autoplay; clipboard-write; encrypted-media; gyroscope; picture-in-picture; web-share\" referrerpolicy=\"strict-origin-when-cross-origin\" allowfullscreen><\/iframe><\/p>","protected":false},"excerpt":{"rendered":"<p>Rock&#8217;n&#8217;roll-folk-country-Americana songwriter Markus Rill &amp; Band Endlich werden sie mal wieder unsere B\u00fchne rocken: Markus Rill &amp; The Troublemakers geben sich am 17.11.2023 die Ehre. Die Frankfurter Allgemeine Sonntagszeitung schrieb: \u201eDer Mann kann Lieder schreiben wie nicht viele andere. Er kann mit einigen wenigen Gitarrenakkorden und wohlgesetzten Worten Geschichten erz\u00e4hlen, die wie Short Stories wirken. [&hellip;]<\/p>\n","protected":false},"author":6,"featured_media":2009,"comment_status":"open","ping_status":"open","sticky":false,"template":"","format":"standard","meta":{"footnotes":""},"categories":[15],"tags":[],"class_list":["post-2006","post","type-post","status-publish","format-standard","has-post-thumbnail","hentry","category-historie"],"_links":{"self":[{"href":"https:\/\/konzerte.pensiongrenzland.de\/index.php?rest_route=\/wp\/v2\/posts\/2006","targetHints":{"allow":["GET"]}}],"collection":[{"href":"https:\/\/konzerte.pensiongrenzland.de\/index.php?rest_route=\/wp\/v2\/posts"}],"about":[{"href":"https:\/\/konzerte.pensiongrenzland.de\/index.php?rest_route=\/wp\/v2\/types\/post"}],"author":[{"embeddable":true,"href":"https:\/\/konzerte.pensiongrenzland.de\/index.php?rest_route=\/wp\/v2\/users\/6"}],"replies":[{"embeddable":true,"href":"https:\/\/konzerte.pensiongrenzland.de\/index.php?rest_route=%2Fwp%2Fv2%2Fcomments&post=2006"}],"version-history":[{"count":4,"href":"https:\/\/konzerte.pensiongrenzland.de\/index.php?rest_route=\/wp\/v2\/posts\/2006\/revisions"}],"predecessor-version":[{"id":2023,"href":"https:\/\/konzerte.pensiongrenzland.de\/index.php?rest_route=\/wp\/v2\/posts\/2006\/revisions\/2023"}],"wp:featuredmedia":[{"embeddable":true,"href":"https:\/\/konzerte.pensiongrenzland.de\/index.php?rest_route=\/wp\/v2\/media\/2009"}],"wp:attachment":[{"href":"https:\/\/konzerte.pensiongrenzland.de\/index.php?rest_route=%2Fwp%2Fv2%2Fmedia&parent=2006"}],"wp:term":[{"taxonomy":"category","embeddable":true,"href":"https:\/\/konzerte.pensiongrenzland.de\/index.php?rest_route=%2Fwp%2Fv2%2Fcategories&post=2006"},{"taxonomy":"post_tag","embeddable":true,"href":"https:\/\/konzerte.pensiongrenzland.de\/index.php?rest_route=%2Fwp%2Fv2%2Ftags&post=2006"}],"curies":[{"name":"wp","href":"https:\/\/api.w.org\/{rel}","templated":true}]}}